{"id":14374,"date":"2026-02-26T14:55:05","date_gmt":"2026-02-26T13:55:05","guid":{"rendered":"https:\/\/www.job-group.com\/?p=14374"},"modified":"2026-02-26T14:55:05","modified_gmt":"2026-02-26T13:55:05","slug":"job-group-at-the-world-market-leader-forum-at-louisenlund-boarding-school","status":"publish","type":"post","link":"https:\/\/www.job-group.com\/en\/job-group-at-the-world-market-leader-forum-at-louisenlund-boarding-school\/","title":{"rendered":"JOB Group at the World Market Leader Forum at Louisenlund Boarding School"},"content":{"rendered":"<p>Last week, the JOB Group took part in the World Market Leader Forum at<a href=\"https:\/\/www.louisenlund.de\/\" target=\"_blank\" rel=\"noopener\"> Louisenlund<\/a> boarding school. Together with more than ten other world market leaders from Schleswig-Holstein, the company engaged in conversation with committed talents and provided insights into a wide range of career opportunities in internationally successful companies.<\/p>\n<p>Colleague Kim M\u00f6ller represented the JOB Group on stage as a speaker and gave a presentation on working for a global market leader in an international context. She highlighted the development opportunities, prospects, and challenges offered by a globally active company\u2014and how innovation, teamwork, and international cooperation are lived out every day at the JOB Group. Afterwards, Ms. M\u00f6ller and JOB Group Managing Director Philip M\u00fcller were available for personal discussions.<\/p>\n<figure id=\"attachment_14370\" aria-describedby=\"caption-attachment-14370\" style=\"width: 225px\" class=\"wp-caption alignleft\"><img loading=\"lazy\" decoding=\"async\" class=\"wp-image-14370 size-medium\" src=\"https:\/\/www.job-group.com\/wp-content\/uploads\/2026\/02\/Messestand-1-225x300.jpg\" alt=\"Philip M\u00fcller Gesch\u00e4ftsf\u00fchrer und Kim M\u00f6ller\" width=\"225\" height=\"300\" title=\"\" srcset=\"https:\/\/www.job-group.com\/wp-content\/uploads\/2026\/02\/Messestand-1-225x300.jpg 225w, https:\/\/www.job-group.com\/wp-content\/uploads\/2026\/02\/Messestand-1.jpg 1512w\" sizes=\"auto, (max-width: 225px) 100vw, 225px\" \/><figcaption id=\"caption-attachment-14370\" class=\"wp-caption-text\">From left: Kim M\u00f6ller (Organizational Development), Philip M\u00fcller (Management)<\/figcaption><\/figure>\n<p>The forum provided an excellent platform for exchange and networking. The direct dialogue with participants interested in career paths in leading international companies was particularly valuable. It is a special honor for the JOB Group to be part of this strong network of global market leaders in Schleswig-Holstein and to share experiences and perspectives.<\/p>\n<p>We would like to thank the organizers and all those involved for the successful event and look forward to further exchanges.<\/p>\n","protected":false},"excerpt":{"rendered":"<p>Last week, the JOB Group took part in the World Market Leader Forum at Louisenlund boarding school. Together with more than ten other world market leaders from Schleswig-Holstein, the company engaged in conversation with committed talents and provided insights into a wide range of career opportunities in internationally successful companies. Colleague Kim M\u00f6ller represented the&#8230;<\/p>\n","protected":false},"author":16,"featured_media":14367,"comment_status":"closed","ping_status":"open","sticky":false,"template":"","format":"standard","meta":{"_acf_changed":false,"footnotes":""},"categories":[195],"tags":[],"class_list":["post-14374","post","type-post","status-publish","format-standard","has-post-thumbnail","hentry","category-general"],"acf":[],"_links":{"self":[{"href":"https:\/\/www.job-group.com\/en\/wp-json\/wp\/v2\/posts\/14374","targetHints":{"allow":["GET"]}}],"collection":[{"href":"https:\/\/www.job-group.com\/en\/wp-json\/wp\/v2\/posts"}],"about":[{"href":"https:\/\/www.job-group.com\/en\/wp-json\/wp\/v2\/types\/post"}],"author":[{"embeddable":true,"href":"https:\/\/www.job-group.com\/en\/wp-json\/wp\/v2\/users\/16"}],"replies":[{"embeddable":true,"href":"https:\/\/www.job-group.com\/en\/wp-json\/wp\/v2\/comments?post=14374"}],"version-history":[{"count":1,"href":"https:\/\/www.job-group.com\/en\/wp-json\/wp\/v2\/posts\/14374\/revisions"}],"predecessor-version":[{"id":14375,"href":"https:\/\/www.job-group.com\/en\/wp-json\/wp\/v2\/posts\/14374\/revisions\/14375"}],"wp:featuredmedia":[{"embeddable":true,"href":"https:\/\/www.job-group.com\/en\/wp-json\/wp\/v2\/media\/14367"}],"wp:attachment":[{"href":"https:\/\/www.job-group.com\/en\/wp-json\/wp\/v2\/media?parent=14374"}],"wp:term":[{"taxonomy":"category","embeddable":true,"href":"https:\/\/www.job-group.com\/en\/wp-json\/wp\/v2\/categories?post=14374"},{"taxonomy":"post_tag","embeddable":true,"href":"https:\/\/www.job-group.com\/en\/wp-json\/wp\/v2\/tags?post=14374"}],"curies":[{"name":"wp","href":"https:\/\/api.w.org\/{rel}","templated":true}]}}